{"id":503202,"date":"2020-11-10T17:00:13","date_gmt":"2020-11-10T17:00:13","guid":{"rendered":"https:\/\/www.simplicia.co\/?p=503202"},"modified":"2020-11-13T11:25:13","modified_gmt":"2020-11-13T11:25:13","slug":"assurance-maladie-des-difficultes-dans-le-versement-des-indemnites-journalieres-maternite-des-independantes","status":"publish","type":"post","link":"https:\/\/www.simplicia.co\/blog\/assurance-maladie-des-difficultes-dans-le-versement-des-indemnites-journalieres-maternite-des-independantes\/","title":{"rendered":"Assurance maladie : des difficult\u00e9s dans le versement des indemnit\u00e9s journali\u00e8res maternit\u00e9 des ind\u00e9pendantes ?"},"content":{"rendered":"<div id=\"ez-toc-container\" class=\"ez-toc-v2_0_82_2 counter-hierarchy ez-toc-counter ez-toc-grey ez-toc-container-direction\">\n<div class=\"ez-toc-title-container\"><p class=\"ez-toc-title\" style=\"cursor:inherit\">Plan de l&#039;article<\/p>\n<\/div><nav><ul class='ez-toc-list ez-toc-list-level-1 ' ><li class='ez-toc-page-1 ez-toc-heading-level-2'><a class=\"ez-toc-link ez-toc-heading-1\" href=\"https:\/\/www.simplicia.co\/blog\/assurance-maladie-des-difficultes-dans-le-versement-des-indemnites-journalieres-maternite-des-independantes\/#Quelles_prestations_maternites_pour_les_independantes\" >Quelles prestations maternit\u00e9s pour les ind\u00e9pendantes ?<\/a><ul class='ez-toc-list-level-3' ><li class='ez-toc-heading-level-3'><a class=\"ez-toc-link ez-toc-heading-2\" href=\"https:\/\/www.simplicia.co\/blog\/assurance-maladie-des-difficultes-dans-le-versement-des-indemnites-journalieres-maternite-des-independantes\/#Le_Revenu_Annuel_Moyen_un_des_facteurs_derreurs_dans_le_calcul_des_indemnites\" >Le Revenu Annuel Moyen, un des facteurs d\u2019erreurs dans le calcul des indemnit\u00e9s<\/a><\/li><\/ul><\/li><li class='ez-toc-page-1 ez-toc-heading-level-2'><a class=\"ez-toc-link ez-toc-heading-3\" href=\"https:\/\/www.simplicia.co\/blog\/assurance-maladie-des-difficultes-dans-le-versement-des-indemnites-journalieres-maternite-des-independantes\/#Les_erreurs_de_calcul_des_IJ_maternite_et_des_retards_de_paiement\" >Les erreurs de calcul des IJ maternit\u00e9 et des retards de paiement<\/a><ul class='ez-toc-list-level-3' ><li class='ez-toc-heading-level-3'><a class=\"ez-toc-link ez-toc-heading-4\" href=\"https:\/\/www.simplicia.co\/blog\/assurance-maladie-des-difficultes-dans-le-versement-des-indemnites-journalieres-maternite-des-independantes\/#Le_Revenu_annuel_moyen_et_la_portabilite_de_droit\" >Le Revenu annuel moyen et la portabilit\u00e9 de droit<\/a><\/li><li class='ez-toc-page-1 ez-toc-heading-level-3'><a class=\"ez-toc-link ez-toc-heading-5\" href=\"https:\/\/www.simplicia.co\/blog\/assurance-maladie-des-difficultes-dans-le-versement-des-indemnites-journalieres-maternite-des-independantes\/#La_portabilite_des_droits_une_autre_source_de_discorde_entre_la_CPAM_et_la_FNAE\" >La portabilit\u00e9 des droits, une autre source de discorde entre la CPAM et la FNAE<\/a><\/li><\/ul><\/li><li class='ez-toc-page-1 ez-toc-heading-level-2'><a class=\"ez-toc-link ez-toc-heading-6\" href=\"https:\/\/www.simplicia.co\/blog\/assurance-maladie-des-difficultes-dans-le-versement-des-indemnites-journalieres-maternite-des-independantes\/#La_FNAE_en_appelle_aux_autorites_pour_se_pencher_sur_leur_cas\" >La FNAE en appelle aux autorit\u00e9s pour se pencher sur leur cas<\/a><ul class='ez-toc-list-level-3' ><li class='ez-toc-heading-level-3'><a class=\"ez-toc-link ez-toc-heading-7\" href=\"https:\/\/www.simplicia.co\/blog\/assurance-maladie-des-difficultes-dans-le-versement-des-indemnites-journalieres-maternite-des-independantes\/#CPAM_Des_mises_a_jour_de_logiciel_et_du_personnel_forme_sont_necessaires\" >CPAM : Des mises \u00e0 jour de logiciel et du personnel form\u00e9 sont n\u00e9cessaires<\/a><\/li><\/ul><\/li><\/ul><\/nav><\/div>\n<p>Depuis le 1<sup>er<\/sup> janvier 2020, les <strong>droits des ind\u00e9pendants en cas de maternit\u00e9<\/strong>, de retraite ou encore de maladie sont g\u00e9r\u00e9s par <strong>l\u2019Assurance Maladie<\/strong>.<\/p>\n<p>&nbsp;<\/p>\n<p>Cependant, depuis le d\u00e9but de la crise sanitaire, de nombreuses voix s\u2019\u00e9l\u00e8vent au sein de la <strong>FNAE<\/strong> (F\u00e9d\u00e9ration Nationale des Auto-Entrepreneurs) pour d\u00e9crier un traitement inappropri\u00e9 sur les <strong>droits \u00e0 la maternit\u00e9<\/strong>.<\/p>\n<p>&nbsp;<\/p>\n<h2><span class=\"ez-toc-section\" id=\"Quelles_prestations_maternites_pour_les_independantes\"><\/span>Quelles prestations maternit\u00e9s pour les ind\u00e9pendantes ?<span class=\"ez-toc-section-end\"><\/span><\/h2>\n<p>&nbsp;<\/p>\n<p>Toutes les ind\u00e9pendantes en <strong>arr\u00eat de travail<\/strong> pour cause de <strong>cong\u00e9 de maternit\u00e9<\/strong> ont droit \u00e0 des prestations vers\u00e9es par la S\u00e9curit\u00e9 Sociale.<\/p>\n<p>&nbsp;<\/p>\n<p><img fetchpriority=\"high\" decoding=\"async\" class=\"aligncenter size-full\" src=\"https:\/\/app.lucidchart.com\/publicSegments\/view\/fee363ee-bb67-466d-8c11-d755731775ac\/image.jpeg\" alt=\"Prestations maternit\u00e9s pour les ind\u00e9pendantes\" width=\"3505\" height=\"2475\" \/><\/p>\n<p>&nbsp;<\/p>\n<p><div class=\"info-box\" style=\"width: 100%;border: #000000 0px solid\"><div style=\"padding: 8px 30px 10px 30px;border-radius:5px; color: #3C484E; padding: 8px 30px 10px 30px; background: #e6f4fa url(http:\/\/www.yourDomain.com\/image-dir\/) no-repeat 10px 50%;\"><span role=\"image\" aria-label=\"\ud83d\udc49\">\ud83d\udc49<\/span><strong>\u00c0 savoir :<\/strong> Les principales prestations sont\u00a0:<\/p>\n<ul>\n<li><strong>L\u2019indemnit\u00e9 journali\u00e8re forfaitaire d\u2019interruption d\u2019activit\u00e9<\/strong><\/li>\n<li><strong>L\u2019allocation forfaitaire de repos maternel<\/strong><\/div><\/div><\/li>\n<\/ul>\n<h3><span class=\"ez-toc-section\" id=\"Le_Revenu_Annuel_Moyen_un_des_facteurs_derreurs_dans_le_calcul_des_indemnites\"><\/span><strong>Le Revenu Annuel Moyen, un des facteurs d\u2019erreurs dans le calcul des indemnit\u00e9s<\/strong><span class=\"ez-toc-section-end\"><\/span><\/h3>\n<p>&nbsp;<\/p>\n<p>La CPAM prend pour r\u00e9f\u00e9rence lors du calcul des droits maternit\u00e9s des ind\u00e9pendantes leur <strong>Revenu Annuel Moyen<\/strong> (RAM) des 3 derni\u00e8res ann\u00e9es.<\/p>\n<p>&nbsp;<\/p>\n<p><img decoding=\"async\" class=\"aligncenter size-full\" src=\"https:\/\/app.lucidchart.com\/publicSegments\/view\/a8d1f271-a850-43df-8181-de2822e84db8\/image.jpeg\" alt=\"IJ forfaitaires de repos maternel\" width=\"3505\" height=\"2475\" \/><\/p>\n<p>&nbsp;<\/p>\n<p><div class=\"info-box\" style=\"width: 100%;border: #000000 0px solid\"><div style=\"padding: 8px 30px 10px 30px;border-radius:5px; color: #3C484E; padding: 8px 30px 10px 30px; background: #fdefe1 url(http:\/\/www.yourDomain.com\/image-dir\/) no-repeat 10px 50%;\"><span role=\"image\" aria-label=\"\ud83d\udc49\">\ud83d\udc49<\/span><strong>\u00c0 savoir :<\/strong> Pour verser les <strong>IJ forfaitaires de repos maternel<\/strong>, les ind\u00e9pendantes en cong\u00e9 maternit\u00e9 recevront\u00a0au titre de l\u2019ann\u00e9e 2020 :<\/p>\n<ul>\n<li><strong>56,35\u20ac\/jour si le RAM est sup\u00e9rieur \u00e0 3\u202f982,80 \u20ac<\/strong><\/li>\n<li><strong>5,63 \u20ac si le RAM inf\u00e9rieur \u00e0 3\u202f982,80 \u20ac<\/strong><\/div><\/div><\/li>\n<\/ul>\n<p>&nbsp;<\/p>\n<p>C\u2019est donc 10 fois moins en cas de revenu inf\u00e9rieur, ce qui repr\u00e9sente un manque important \u00e0 gagner pour les ind\u00e9pendantes.<\/p>\n<p>&nbsp;<\/p>\n<h2><span class=\"ez-toc-section\" id=\"Les_erreurs_de_calcul_des_IJ_maternite_et_des_retards_de_paiement\"><\/span><strong>Les erreurs de calcul des IJ maternit\u00e9 et des retards de paiement<\/strong><span class=\"ez-toc-section-end\"><\/span><\/h2>\n<p>&nbsp;<\/p>\n<p>La<strong> CPAM<\/strong> rencontre toutefois d\u2019\u00e9norme difficult\u00e9 \u00e0 calculer pr\u00e9cis\u00e9ment ces droits et aussi accuse des <strong>retards de paiement des IJ maternit\u00e9<\/strong> qui peuvent aller jusqu\u2019\u00e0 4 mois.<\/p>\n<p>&nbsp;<\/p>\n<p>Ce qui provoque naturellement une situation de stress aupr\u00e8s de cette population d\u00e9j\u00e0 impact\u00e9e par l\u2019effet de la crise sanitaire.<\/p>\n<p>&nbsp;<\/p>\n<h3><span class=\"ez-toc-section\" id=\"Le_Revenu_annuel_moyen_et_la_portabilite_de_droit\"><\/span><strong>Le Revenu annuel moyen et la portabilit\u00e9 de droit<\/strong><span class=\"ez-toc-section-end\"><\/span><\/h3>\n<p>&nbsp;<\/p>\n<p>Une autre cause d\u2019erreur selon la FNAE (F\u00e9d\u00e9ration Nationale des Auto-Entrepreneurs) est que la <strong>CPAM<\/strong> selon elle ne fait pas la distinction entre le jour de la cr\u00e9ation d\u2019entreprise et la date des premiers encaissements.<\/p>\n<p>En effet, tout ind\u00e9pendant n\u2019est pas oblig\u00e9 de commencer imm\u00e9diatement son activit\u00e9 le jour de la cr\u00e9ation de son entreprise. Entre le jour o\u00f9 l\u2019entreprise est immatricul\u00e9e et le d\u00e9marrage effectif d\u2019activit\u00e9, des semaines voire des mois peuvent s\u2019\u00e9couler. Cette p\u00e9riode o\u00f9 l\u2019ind\u00e9pendant n\u2019est pas actif m\u00eame si son entreprise est cr\u00e9\u00e9e est prise en compte pour le calcul de son Revenu Annuel Moyen. Or la FNAE souhaite que cette p\u00e9riode ne soit pas prise en compte.<\/p>\n<p>&nbsp;<\/p>\n<h4><strong>Un arr\u00eat\u00e9 minist\u00e9riel tranche en faveur de la FNAE<\/strong><\/h4>\n<p>&nbsp;<\/p>\n<p>En effet, le Conseil d\u2019Etat via un arr\u00eat\u00e9 a publi\u00e9 le 12 janvier 1987 a tranch\u00e9 en faveur des ind\u00e9pendants quant \u00e0 la nuance \u00e0 faire entre le d\u00e9but de la cr\u00e9ation d\u2019entreprise et la d\u00e9claration des premiers chiffres d\u2019affaires.<\/p>\n<p>&nbsp;<\/p>\n<p>Et pour cause, plusieurs ind\u00e9pendants ne commencent pas forc\u00e9ment leur activit\u00e9 imm\u00e9diatement apr\u00e8s avoir \u00e9t\u00e9 immatricul\u00e9.<\/p>\n<p>&nbsp;<\/p>\n<h3><span class=\"ez-toc-section\" id=\"La_portabilite_des_droits_une_autre_source_de_discorde_entre_la_CPAM_et_la_FNAE\"><\/span><strong>La portabilit\u00e9 des droits, une autre source de discorde entre la CPAM et la FNAE<\/strong><span class=\"ez-toc-section-end\"><\/span><\/h3>\n<p>&nbsp;<\/p>\n<p>Lorsqu\u2019un salari\u00e9 assur\u00e9 passe du statut d\u2019employ\u00e9 \u00e0 celui d\u2019entrepreneur, il peut b\u00e9n\u00e9ficier d\u2019une portabilit\u00e9 de ses droits pendant 1 an.<\/p>\n<p>&nbsp;<\/p>\n<p>De fait, toute travailleuse ind\u00e9pendante en arr\u00eat maternit\u00e9 moins d\u2019un an apr\u00e8s avoir quitt\u00e9 son poste de salari\u00e9 devrait \u00e9galement voir ses revenus salari\u00e9s pris en compte dans le calcul de ses <strong>droits aux IJ maternit\u00e9<\/strong>.<\/p>\n<p>&nbsp;<\/p>\n<p>Or, la <strong>CPAM<\/strong> n\u2019int\u00e8gre pas ses droits dans le <strong>calcul du Revenu Annuel Moyen<\/strong>. Ce qui bien \u00e9videment joue en d\u00e9faveur des ind\u00e9pendantes.<\/p>\n<p>&nbsp;<\/p>\n<h2><span class=\"ez-toc-section\" id=\"La_FNAE_en_appelle_aux_autorites_pour_se_pencher_sur_leur_cas\"><\/span><strong>La FNAE en appelle aux autorit\u00e9s pour se pencher sur leur cas<\/strong><span class=\"ez-toc-section-end\"><\/span><\/h2>\n<p>&nbsp;<\/p>\n<p>La F\u00e9d\u00e9ration nationale des auto-entrepreneurs appelle de tous leurs v\u0153ux les autorit\u00e9s \u00e0 prendre leurs responsabilit\u00e9s pour am\u00e9ner l\u2019<strong>Assurance Maladie<\/strong> \u00e0 prendre en compte leur revendication.<\/p>\n<h3><span class=\"ez-toc-section\" id=\"CPAM_Des_mises_a_jour_de_logiciel_et_du_personnel_forme_sont_necessaires\"><\/span><strong>CPAM : Des mises \u00e0 jour de logiciel et du personnel form\u00e9 sont n\u00e9cessaires<\/strong><span class=\"ez-toc-section-end\"><\/span><\/h3>\n<p>&nbsp;<\/p>\n<p>La complexit\u00e9 des dossiers des ind\u00e9pendants ainsi que leur traitement dans un d\u00e9lai raisonnable implique une refonte profonde au niveau de la <strong>CPAM<\/strong>.<\/p>\n<p>&nbsp;<\/p>\n<p>Il est n\u00e9cessaire pour l\u2019<strong>Assurance Maladie<\/strong> de mettre en place\u00a0:<\/p>\n<ul>\n<li>Des logiciels adapt\u00e9s aux nouvelles probl\u00e9matiques de calcul des droits<\/li>\n<li>Des formations pratiques et qualifiantes du personnel sur les sp\u00e9cificit\u00e9s des droits des ind\u00e9pendants<\/li>\n<li>Un syst\u00e8me pour archiver la date de premi\u00e8re d\u00e9claration positive de chiffre d&rsquo;affaires aupr\u00e8s de l&rsquo;URSSAF pour en tirer la date effective de d\u00e9marrage d&rsquo;activit\u00e9<\/li>\n<li>Etc.<\/li>\n<\/ul>\n<p>&nbsp;<\/p>\n","protected":false},"excerpt":{"rendered":"<p>Tout sur le versement des indemnit\u00e9s journali\u00e8res maternit\u00e9 des ind\u00e9pendantes<\/p>\n","protected":false},"author":1006,"featured_media":502610,"comment_status":"open","ping_status":"open","sticky":false,"template":"","format":"standard","meta":{"_acf_changed":false,"footnotes":""},"categories":[100025],"tags":[],"class_list":["post-503202","post","type-post","status-publish","format-standard","has-post-thumbnail","hentry","category-ijss"],"acf":[],"_links":{"self":[{"href":"https:\/\/www.simplicia.co\/blog\/wp-json\/wp\/v2\/posts\/503202","targetHints":{"allow":["GET"]}}],"collection":[{"href":"https:\/\/www.simplicia.co\/blog\/wp-json\/wp\/v2\/posts"}],"about":[{"href":"https:\/\/www.simplicia.co\/blog\/wp-json\/wp\/v2\/types\/post"}],"author":[{"embeddable":true,"href":"https:\/\/www.simplicia.co\/blog\/wp-json\/wp\/v2\/users\/1006"}],"replies":[{"embeddable":true,"href":"https:\/\/www.simplicia.co\/blog\/wp-json\/wp\/v2\/comments?post=503202"}],"version-history":[{"count":0,"href":"https:\/\/www.simplicia.co\/blog\/wp-json\/wp\/v2\/posts\/503202\/revisions"}],"wp:featuredmedia":[{"embeddable":true,"href":"https:\/\/www.simplicia.co\/blog\/wp-json\/wp\/v2\/media\/502610"}],"wp:attachment":[{"href":"https:\/\/www.simplicia.co\/blog\/wp-json\/wp\/v2\/media?parent=503202"}],"wp:term":[{"taxonomy":"category","embeddable":true,"href":"https:\/\/www.simplicia.co\/blog\/wp-json\/wp\/v2\/categories?post=503202"},{"taxonomy":"post_tag","embeddable":true,"href":"https:\/\/www.simplicia.co\/blog\/wp-json\/wp\/v2\/tags?post=503202"}],"curies":[{"name":"wp","href":"https:\/\/api.w.org\/{rel}","templated":true}]}}